[{"@context":"https:\/\/schema.org\/","@type":"Article","@id":"https:\/\/www.klipo.cz\/poctiva-recyklace\/#Article","mainEntityOfPage":"https:\/\/www.klipo.cz\/poctiva-recyklace\/","headline":"Poctiv\u00e1 recyklace","name":"Poctiv\u00e1 recyklace","description":"V\u0161ichni v\u00edme, \u017ee kdy\u017e n\u011bco pou\u017e\u00edv\u00e1me, tak samoz\u0159ejm\u011b to tak\u00e9 n\u011bkdo n\u011bjak vyrobil. J\u00e1 si...","datePublished":"2023-08-27","dateModified":"2023-10-10","author":{"@type":"Person","@id":"https:\/\/www.klipo.cz\/author\/#Person","name":"","url":"https:\/\/www.klipo.cz\/author\/","identifier":1,"image":{"@type":"ImageObject","@id":"https:\/\/secure.gravatar.com\/avatar\/c4e504508c75b610a351629e223ddd0c5b7858df84b2b7deedc4e007bdf99fc8?s=96&d=mm&r=g","url":"https:\/\/secure.gravatar.com\/avatar\/c4e504508c75b610a351629e223ddd0c5b7858df84b2b7deedc4e007bdf99fc8?s=96&d=mm&r=g","height":96,"width":96}},"publisher":{"@type":"Organization","name":"klipo.cz","logo":{"@type":"ImageObject","@id":"\/logo.png","url":"\/logo.png","width":600,"height":60}},"image":{"@type":"ImageObject","@id":"https:\/\/www.klipo.cz\/wp-content\/uploads\/garbage-2729608_1280_3.jpg","url":"https:\/\/www.klipo.cz\/wp-content\/uploads\/garbage-2729608_1280_3.jpg","height":0,"width":0},"url":"https:\/\/www.klipo.cz\/poctiva-recyklace\/","about":["Podnik\u00e1n\u00ed"],"wordCount":417,"articleBody":"   V\u0161ichni v\u00edme, \u017ee kdy\u017e n\u011bco pou\u017e\u00edv\u00e1me, tak samoz\u0159ejm\u011b to tak\u00e9 n\u011bkdo n\u011bjak vyrobil. J\u00e1 si mysl\u00edm, \u017ee neb\u00fdt n\u011bjak\u00fdch kvalitn\u00edch v\u00fdrobc\u016f, opravdu nev\u00edm, co bychom t\u0159eba nosili za oble\u010den\u00ed a nebo co bychom kupovali na V\u00e1noce a nebo v \u010dem bysme tak\u00e9 nosili sva\u010dinu a nebo do \u010deho bysme t\u0159eba balili n\u011bkter\u00e9 v\u011bci. Tak\u00e9 nev\u00edm, co by d\u011blaly n\u011bkter\u00e9 firmy, kter\u00e9 vyu\u017e\u00edvaj\u00ed hlavn\u011b obaly k tomu, \u017ee je d\u00e1le p\u0159eprod\u00e1vaj\u00ed a nebo v tom prod\u00e1vaj\u00ed tak\u00e9 r\u016fzn\u00e9 zbo\u017e\u00ed. A nebo co t\u0159eba po\u0161tovn\u00ed slu\u017eby a dal\u0161\u00ed po\u0161tovn\u00ed z\u00e1silky? J\u00e1 si mysl\u00edm, \u017ee by to bylo opravdu hodn\u011b slo\u017eit\u00e9 a ka\u017ed\u00fd by musel vym\u00fd\u0161let, co a jak vlastn\u011b bude balit. Proto m\u011b t\u011b\u0161\u00ed, \u017ee st\u00e1le na na\u0161em trhu jsou opravdu skv\u011bl\u00e9 a hlavn\u011b poctiv\u00e9 firmy, kter\u00e9 se zaj\u00edmaj\u00ed o to, jak vyrobit opravdu kvalitn\u00ed plastov\u00e9 obaly. Tak\u00e9 nejde jenom vlastn\u011b o to, aby n\u011bkdo vyrobil opravdu kvalitn\u00ed plastov\u00e9 obaly. Nen\u00ed plast jako plast.Tak\u00e9 se m\u016f\u017ee jednat o nov\u00fd plast a nebo recyklovan\u00fd plast, kter\u00fd je je\u0161t\u011b recyklovateln\u00fd. V tom je rozd\u00edl. J\u00e1 ale sama za sebe sp\u00ed\u0161e db\u00e1m na takov\u00e9 firmy, kter\u00e9 pr\u00e1v\u011b vyr\u00e1b\u00ed u\u017e z recyklovan\u00e9ho plastu, kter\u00fd jde tak\u00e9 d\u00e1le recyklovat. Proto\u017ee j\u00e1 jsem opravdu hodn\u011b takov\u00e1, \u017ee db\u00e1m tak\u00e9 na \u017eivotn\u00ed prost\u0159ed\u00ed a celkov\u011b na p\u0159\u00edrodu, tak\u017ee bych tak\u00e9 necht\u011bla p\u0159\u00edrodu zat\u011b\u017eovat t\u00edm, \u017ee bych kupovala \u00fapln\u011b nov\u00e9 plastov\u00e9 v\u011bci, kter\u00e9 potom nejdou zrecyklovat.Nyn\u00ed ani vlastn\u011b nech\u00e1pu, pro\u010d vlastn\u011b nejde zrecyklovat opravdu jak\u00fdkoliv plast. Proto tak\u00e9 bych dala jako z\u00e1kon takov\u00fd, \u017ee kdy\u017e n\u011bkdo vyhazuje plasty do ur\u010den\u00e9 popelnice, \u017ee by tak\u00e9 ty plasty m\u011bly b\u00fdt vymyt\u00e9 a hlavn\u011b \u010dist\u00e9. Pokud byste cht\u011bli v\u011bd\u011bt opravdu \u0161ikovn\u00e9ho a velmi poctiv\u00e9ho v\u00fdrobce plastov\u00fdch obal\u016f, koukn\u011bte se na tyto webov\u00e9 str\u00e1nky schoellerallibert.com a zjist\u00edte, \u017ee tento v\u00fdrobce m\u00e1 opravdu f\u00e9rov\u00e9 jedn\u00e1n\u00ed co se t\u00fdk\u00e1 v\u00fdrobce plastov\u00fdch obal\u016f. Mysl\u00edm si, \u017ee kdyby v\u0161ichni v\u00fdrobci byli takhle poctiv\u00ed, jako tato firma, tak p\u0159edpokl\u00e1d\u00e1m, \u017ee i p\u0159\u00edroda by za tohle pod\u011bkovala.                                                                                                                                                                                                                                                                                                                                                                                           3.6\/5 - (12 votes)        "},{"@context":"https:\/\/schema.org\/","@type":"BreadcrumbList","itemListElement":[{"@type":"ListItem","position":1,"name":"Poctiv\u00e1 recyklace","item":"https:\/\/www.klipo.cz\/poctiva-recyklace\/#breadcrumbitem"}]}]